{"id":1876,"date":"2017-03-14T12:55:56","date_gmt":"2017-03-14T12:55:56","guid":{"rendered":"http:\/\/prueba.tcat.es\/?p=1876"},"modified":"2020-01-13T12:09:52","modified_gmt":"2020-01-13T12:09:52","slug":"telice-will-be-present-at-the-leon4u-innovation-and-talent-open-day","status":"publish","type":"post","link":"http:\/\/tcat.es\/fr\/telice-will-be-present-at-the-leon4u-innovation-and-talent-open-day\/","title":{"rendered":"(English) Telice will be present at the \u201cLe\u00f3n4U Innovation and Talent\u201d Open Day"},"content":{"rendered":"<p class=\"qtranxs-available-languages-message qtranxs-available-languages-message-fr\">D\u00e9sol\u00e9, cet article est seulement disponible en <a href=\"http:\/\/tcat.es\/en\/wp-json\/wp\/v2\/posts\/1876\" class=\"qtranxs-available-language-link qtranxs-available-language-link-en\" title=\"English\">English<\/a>, <a href=\"http:\/\/tcat.es\/es\/wp-json\/wp\/v2\/posts\/1876\" class=\"qtranxs-available-language-link qtranxs-available-language-link-es\" title=\"Espa\u00f1ol\">Espa\u00f1ol<\/a> et <a href=\"http:\/\/tcat.es\/de\/wp-json\/wp\/v2\/posts\/1876\" class=\"qtranxs-available-language-link qtranxs-available-language-link-de\" title=\"Deutsch\">Deutsch<\/a>. Pour le confort de l\u2019utilisateur, le contenu est affich\u00e9 ci-dessous dans la langue par d\u00e9faut du site. Vous pouvez cliquer l\u2019un des liens pour changer la langue du site en une autre langue disponible.<\/p><p><div class=\"fusion-fullwidth fullwidth-box fusion-builder-row-2 nonhundred-percent-fullwidth non-hundred-percent-height-scrolling\" style=\"--awb-border-radius-top-left:0px;--awb-border-radius-top-right:0px;--awb-border-radius-bottom-right:0px;--awb-border-radius-bottom-left:0px;--awb-flex-wrap:wrap;\" ><div class=\"fusion-builder-row fusion-row\"><div class=\"fusion-layout-column fusion_builder_column fusion-builder-column-1 fusion_builder_column_1_1 1_1 fusion-one-full fusion-column-first fusion-column-last\" style=\"--awb-bg-size:cover;\"><div class=\"fusion-column-wrapper fusion-flex-column-wrapper-legacy\"><div class=\"fusion-text fusion-text-2\"><p>Telice collaborates with LeonUP in the Open Day: innovation and talent.<br \/>\nNext December 13th, Telice will be present at the Leon4U-Innovation and Talent Open Day. This conference is organized by the LeonUp Investment Attraction Center.<\/p>\n<p>The conference will take place at Espacio V\u00edas (Avenida Padre Isla 48, Le\u00f3n). Visiting hours are from 10 am to 2 pm.<\/p>\n<p>Telice, in line with its commitment to R&D&I, will be a key element in the development of the conference. We invite you to come and find out the news and opinions of experts from innovation areas participating in the different round tables with topics such as \u00ab\u00a0Leading my project\u00a0\u00bb or \u00ab\u00a0The world now and in 25 years\u00a0\u00bb.<\/p>\n<p>In addition to Telice, the conference will be attended by numerous companies from sectors such as ICT, Biotechnology, Engineering and even institutions such as the\u00a0<a href=\"http:\/\/www.unileon.es\/\" target=\"_blank\" rel=\"noopener\">University of Le\u00f3n<\/a>, ICE,\u00a0<a href=\"http:\/\/www.tcat.es\/espanol-telice-estara-presente-en-la-jornada-leon4u-innovacion-y-talento-de-leonup\/www.incibe.es\" target=\"_blank\" rel=\"noopener\">INCIBE<\/a>\u00a0and\u00a0<a href=\"http:\/\/www.ildefe.es\/\" target=\"_blank\" rel=\"noopener\">ILDEFE<\/a>itself.<\/p>\n<p>For more information see the website\u00a0<a href=\"http:\/\/www.leonup.com\/es\/leonup\/\" target=\"_blank\" rel=\"noopener\">LeonUP<\/a>.<\/p>\n<\/div><div class=\"fusion-sep-clear\"><\/div><div class=\"fusion-separator fusion-full-width-sep\" style=\"margin-left: auto;margin-right: auto;width:100%;\"><\/div><div class=\"fusion-sep-clear\"><\/div><div class=\"fusion-aligncenter\"><a class=\"fusion-button button-flat fusion-button-default-size button-default fusion-button-default button-2 fusion-button-default-span fusion-button-default-type\" target=\"_self\" href=\"http:\/\/tcat.es\/en\/blog\/\"><span class=\"fusion-button-text awb-button__text awb-button__text--default\">BACK<\/span><\/a><\/div><div class=\"fusion-clearfix\"><\/div><\/div><\/div><\/div><\/div><\/p>","protected":false},"excerpt":{"rendered":"","protected":false},"author":1,"featured_media":1991,"comment_status":"open","ping_status":"open","sticky":false,"template":"","format":"standard","meta":{"_exactmetrics_skip_tracking":false,"_exactmetrics_sitenote_active":false,"_exactmetrics_sitenote_note":"","_exactmetrics_sitenote_category":0,"_monsterinsights_skip_tracking":false,"_monsterinsights_sitenote_active":false,"_monsterinsights_sitenote_note":"","_monsterinsights_sitenote_category":0,"footnotes":""},"categories":[34,9,33],"tags":[],"class_list":["post-1876","post","type-post","status-publish","format-standard","has-post-thumbnail","hentry","category-events","category-news","category-todo"],"yoast_head":"<!-- This site is optimized with the Yoast SEO plugin v25.4 - https:\/\/yoast.com\/wordpress\/plugins\/seo\/ -->\n<title><\/title>\n<meta name=\"robots\" content=\"index, follow, max-snippet:-1, max-image-preview:large, max-video-preview:-1\" \/>\n<link rel=\"canonical\" href=\"https:\/\/tcat.es\/es\/telice-will-be-present-at-the-leon4u-innovation-and-talent-open-day\/\" \/>\n<meta property=\"og:locale\" content=\"fr_FR\" \/>\n<meta property=\"og:type\" content=\"article\" \/>\n<meta property=\"og:title\" content=\"[:es]Telice estar\u00e1 presente en la Jornada Le\u00f3n4U! \u2013 Innovaci\u00f3n y Talento de LeonUP[:en]Telice will be present at the \u201cLe\u00f3n4U Innovation and Talent\u201d Open Day[:de]Telice wird am Tag der offenen T\u00fcr \u201eLe\u00f3n4U Innovation and Talent\u201c vertreten sein[:]\" \/>\n<meta property=\"og:url\" content=\"https:\/\/tcat.es\/es\/telice-will-be-present-at-the-leon4u-innovation-and-talent-open-day\/\" \/>\n<meta property=\"og:site_name\" content=\"tCat\" \/>\n<meta property=\"article:published_time\" content=\"2017-03-14T12:55:56+00:00\" \/>\n<meta property=\"article:modified_time\" content=\"2020-01-13T12:09:52+00:00\" \/>\n<meta property=\"og:image\" content=\"https:\/\/tcat.es\/wp-content\/uploads\/2017\/03\/post_8.jpg\" \/>\n\t<meta property=\"og:image:width\" content=\"800\" \/>\n\t<meta property=\"og:image:height\" content=\"400\" \/>\n\t<meta property=\"og:image:type\" content=\"image\/jpeg\" \/>\n<meta name=\"author\" content=\"tcat_19\" \/>\n<meta name=\"twitter:card\" content=\"summary_large_image\" \/>\n<meta name=\"twitter:label1\" content=\"\u00c9crit par\" \/>\n\t<meta name=\"twitter:data1\" content=\"tcat_19\" \/>\n\t<meta name=\"twitter:label2\" content=\"Dur\u00e9e de lecture estim\u00e9e\" \/>\n\t<meta name=\"twitter:data2\" content=\"7 minutes\" \/>\n<script type=\"application\/ld+json\" class=\"yoast-schema-graph\">{\"@context\":\"https:\/\/schema.org\",\"@graph\":[{\"@type\":\"WebPage\",\"@id\":\"https:\/\/tcat.es\/es\/telice-will-be-present-at-the-leon4u-innovation-and-talent-open-day\/\",\"url\":\"https:\/\/tcat.es\/es\/telice-will-be-present-at-the-leon4u-innovation-and-talent-open-day\/\",\"name\":\"[:es]Telice estar\u00e1 presente en la Jornada Le\u00f3n4U! \u2013 Innovaci\u00f3n y Talento de LeonUP[:en]Telice will be present at the \u201cLe\u00f3n4U Innovation and Talent\u201d Open Day[:de]Telice wird am Tag der offenen T\u00fcr \u201eLe\u00f3n4U Innovation and Talent\u201c vertreten sein[:]\",\"isPartOf\":{\"@id\":\"https:\/\/tcat.es\/#website\"},\"primaryImageOfPage\":{\"@id\":\"https:\/\/tcat.es\/es\/telice-will-be-present-at-the-leon4u-innovation-and-talent-open-day\/#primaryimage\"},\"image\":{\"@id\":\"https:\/\/tcat.es\/es\/telice-will-be-present-at-the-leon4u-innovation-and-talent-open-day\/#primaryimage\"},\"thumbnailUrl\":\"http:\/\/tcat.es\/wp-content\/uploads\/2017\/03\/post_8.jpg\",\"datePublished\":\"2017-03-14T12:55:56+00:00\",\"dateModified\":\"2020-01-13T12:09:52+00:00\",\"author\":{\"@id\":\"https:\/\/tcat.es\/#\/schema\/person\/9f20657750cf5c8958342d21f287932b\"},\"breadcrumb\":{\"@id\":\"https:\/\/tcat.es\/es\/telice-will-be-present-at-the-leon4u-innovation-and-talent-open-day\/#breadcrumb\"},\"inLanguage\":\"fr-FR\",\"potentialAction\":[{\"@type\":\"ReadAction\",\"target\":[\"https:\/\/tcat.es\/es\/telice-will-be-present-at-the-leon4u-innovation-and-talent-open-day\/\"]}]},{\"@type\":\"ImageObject\",\"inLanguage\":\"fr-FR\",\"@id\":\"https:\/\/tcat.es\/es\/telice-will-be-present-at-the-leon4u-innovation-and-talent-open-day\/#primaryimage\",\"url\":\"http:\/\/tcat.es\/wp-content\/uploads\/2017\/03\/post_8.jpg\",\"contentUrl\":\"http:\/\/tcat.es\/wp-content\/uploads\/2017\/03\/post_8.jpg\",\"width\":800,\"height\":400},{\"@type\":\"BreadcrumbList\",\"@id\":\"https:\/\/tcat.es\/es\/telice-will-be-present-at-the-leon4u-innovation-and-talent-open-day\/#breadcrumb\",\"itemListElement\":[{\"@type\":\"ListItem\",\"position\":1,\"name\":\"Portada\",\"item\":\"http:\/\/tcat.es\/\"},{\"@type\":\"ListItem\",\"position\":2,\"name\":\"Telice estar\u00e1 presente en la Jornada Le\u00f3n4U! \u2013 Innovaci\u00f3n y Talento de LeonUP\"}]},{\"@type\":\"WebSite\",\"@id\":\"https:\/\/tcat.es\/#website\",\"url\":\"https:\/\/tcat.es\/\",\"name\":\"tCat\",\"description\":\"OLE Mobile Mapping\",\"potentialAction\":[{\"@type\":\"SearchAction\",\"target\":{\"@type\":\"EntryPoint\",\"urlTemplate\":\"https:\/\/tcat.es\/?s={search_term_string}\"},\"query-input\":{\"@type\":\"PropertyValueSpecification\",\"valueRequired\":true,\"valueName\":\"search_term_string\"}}],\"inLanguage\":\"fr-FR\"},{\"@type\":\"Person\",\"@id\":\"https:\/\/tcat.es\/#\/schema\/person\/9f20657750cf5c8958342d21f287932b\",\"name\":\"tcat_19\",\"image\":{\"@type\":\"ImageObject\",\"inLanguage\":\"fr-FR\",\"@id\":\"https:\/\/tcat.es\/#\/schema\/person\/image\/\",\"url\":\"https:\/\/secure.gravatar.com\/avatar\/cd82d30bf7007144e16112c3a1740fdda310258ea2b36068759b196d6f80d5f4?s=96&d=mm&r=g\",\"contentUrl\":\"https:\/\/secure.gravatar.com\/avatar\/cd82d30bf7007144e16112c3a1740fdda310258ea2b36068759b196d6f80d5f4?s=96&d=mm&r=g\",\"caption\":\"tcat_19\"},\"url\":\"http:\/\/tcat.es\/fr\/author\/tcat_19\/\"}]}<\/script>\n<!-- \/ Yoast SEO plugin. -->","yoast_head_json":{"title":"[:es]Telice estar\u00e1 presente en la Jornada Le\u00f3n4U! \u2013 Innovaci\u00f3n y Talento de LeonUP[:en]Telice will be present at the \u201cLe\u00f3n4U Innovation and Talent\u201d Open Day[:de]Telice wird am Tag der offenen T\u00fcr \u201eLe\u00f3n4U Innovation and Talent\u201c vertreten sein[:]","robots":{"index":"index","follow":"follow","max-snippet":"max-snippet:-1","max-image-preview":"max-image-preview:large","max-video-preview":"max-video-preview:-1"},"canonical":"https:\/\/tcat.es\/es\/telice-will-be-present-at-the-leon4u-innovation-and-talent-open-day\/","og_locale":"fr_FR","og_type":"article","og_title":"[:es]Telice estar\u00e1 presente en la Jornada Le\u00f3n4U! \u2013 Innovaci\u00f3n y Talento de LeonUP[:en]Telice will be present at the \u201cLe\u00f3n4U Innovation and Talent\u201d Open Day[:de]Telice wird am Tag der offenen T\u00fcr \u201eLe\u00f3n4U Innovation and Talent\u201c vertreten sein[:]","og_url":"https:\/\/tcat.es\/es\/telice-will-be-present-at-the-leon4u-innovation-and-talent-open-day\/","og_site_name":"tCat","article_published_time":"2017-03-14T12:55:56+00:00","article_modified_time":"2020-01-13T12:09:52+00:00","og_image":[{"width":800,"height":400,"url":"https:\/\/tcat.es\/wp-content\/uploads\/2017\/03\/post_8.jpg","type":"image\/jpeg"}],"author":"tcat_19","twitter_card":"summary_large_image","twitter_misc":{"\u00c9crit par":"tcat_19","Dur\u00e9e de lecture estim\u00e9e":"7 minutes"},"schema":{"@context":"https:\/\/schema.org","@graph":[{"@type":"WebPage","@id":"https:\/\/tcat.es\/es\/telice-will-be-present-at-the-leon4u-innovation-and-talent-open-day\/","url":"https:\/\/tcat.es\/es\/telice-will-be-present-at-the-leon4u-innovation-and-talent-open-day\/","name":"[:es]Telice estar\u00e1 presente en la Jornada Le\u00f3n4U! \u2013 Innovaci\u00f3n y Talento de LeonUP[:en]Telice will be present at the \u201cLe\u00f3n4U Innovation and Talent\u201d Open Day[:de]Telice wird am Tag der offenen T\u00fcr \u201eLe\u00f3n4U Innovation and Talent\u201c vertreten sein[:]","isPartOf":{"@id":"https:\/\/tcat.es\/#website"},"primaryImageOfPage":{"@id":"https:\/\/tcat.es\/es\/telice-will-be-present-at-the-leon4u-innovation-and-talent-open-day\/#primaryimage"},"image":{"@id":"https:\/\/tcat.es\/es\/telice-will-be-present-at-the-leon4u-innovation-and-talent-open-day\/#primaryimage"},"thumbnailUrl":"http:\/\/tcat.es\/wp-content\/uploads\/2017\/03\/post_8.jpg","datePublished":"2017-03-14T12:55:56+00:00","dateModified":"2020-01-13T12:09:52+00:00","author":{"@id":"https:\/\/tcat.es\/#\/schema\/person\/9f20657750cf5c8958342d21f287932b"},"breadcrumb":{"@id":"https:\/\/tcat.es\/es\/telice-will-be-present-at-the-leon4u-innovation-and-talent-open-day\/#breadcrumb"},"inLanguage":"fr-FR","potentialAction":[{"@type":"ReadAction","target":["https:\/\/tcat.es\/es\/telice-will-be-present-at-the-leon4u-innovation-and-talent-open-day\/"]}]},{"@type":"ImageObject","inLanguage":"fr-FR","@id":"https:\/\/tcat.es\/es\/telice-will-be-present-at-the-leon4u-innovation-and-talent-open-day\/#primaryimage","url":"http:\/\/tcat.es\/wp-content\/uploads\/2017\/03\/post_8.jpg","contentUrl":"http:\/\/tcat.es\/wp-content\/uploads\/2017\/03\/post_8.jpg","width":800,"height":400},{"@type":"BreadcrumbList","@id":"https:\/\/tcat.es\/es\/telice-will-be-present-at-the-leon4u-innovation-and-talent-open-day\/#breadcrumb","itemListElement":[{"@type":"ListItem","position":1,"name":"Portada","item":"http:\/\/tcat.es\/"},{"@type":"ListItem","position":2,"name":"Telice estar\u00e1 presente en la Jornada Le\u00f3n4U! \u2013 Innovaci\u00f3n y Talento de LeonUP"}]},{"@type":"WebSite","@id":"https:\/\/tcat.es\/#website","url":"https:\/\/tcat.es\/","name":"tCat","description":"OLE Mobile Mapping","potentialAction":[{"@type":"SearchAction","target":{"@type":"EntryPoint","urlTemplate":"https:\/\/tcat.es\/?s={search_term_string}"},"query-input":{"@type":"PropertyValueSpecification","valueRequired":true,"valueName":"search_term_string"}}],"inLanguage":"fr-FR"},{"@type":"Person","@id":"https:\/\/tcat.es\/#\/schema\/person\/9f20657750cf5c8958342d21f287932b","name":"tcat_19","image":{"@type":"ImageObject","inLanguage":"fr-FR","@id":"https:\/\/tcat.es\/#\/schema\/person\/image\/","url":"https:\/\/secure.gravatar.com\/avatar\/cd82d30bf7007144e16112c3a1740fdda310258ea2b36068759b196d6f80d5f4?s=96&d=mm&r=g","contentUrl":"https:\/\/secure.gravatar.com\/avatar\/cd82d30bf7007144e16112c3a1740fdda310258ea2b36068759b196d6f80d5f4?s=96&d=mm&r=g","caption":"tcat_19"},"url":"http:\/\/tcat.es\/fr\/author\/tcat_19\/"}]}},"_links":{"self":[{"href":"http:\/\/tcat.es\/fr\/wp-json\/wp\/v2\/posts\/1876","targetHints":{"allow":["GET"]}}],"collection":[{"href":"http:\/\/tcat.es\/fr\/wp-json\/wp\/v2\/posts"}],"about":[{"href":"http:\/\/tcat.es\/fr\/wp-json\/wp\/v2\/types\/post"}],"author":[{"embeddable":true,"href":"http:\/\/tcat.es\/fr\/wp-json\/wp\/v2\/users\/1"}],"replies":[{"embeddable":true,"href":"http:\/\/tcat.es\/fr\/wp-json\/wp\/v2\/comments?post=1876"}],"version-history":[{"count":9,"href":"http:\/\/tcat.es\/fr\/wp-json\/wp\/v2\/posts\/1876\/revisions"}],"predecessor-version":[{"id":2473,"href":"http:\/\/tcat.es\/fr\/wp-json\/wp\/v2\/posts\/1876\/revisions\/2473"}],"wp:featuredmedia":[{"embeddable":true,"href":"http:\/\/tcat.es\/fr\/wp-json\/wp\/v2\/media\/1991"}],"wp:attachment":[{"href":"http:\/\/tcat.es\/fr\/wp-json\/wp\/v2\/media?parent=1876"}],"wp:term":[{"taxonomy":"category","embeddable":true,"href":"http:\/\/tcat.es\/fr\/wp-json\/wp\/v2\/categories?post=1876"},{"taxonomy":"post_tag","embeddable":true,"href":"http:\/\/tcat.es\/fr\/wp-json\/wp\/v2\/tags?post=1876"}],"curies":[{"name":"wp","href":"https:\/\/api.w.org\/{rel}","templated":true}]}}